{"id":2699,"date":"2023-01-25T14:05:31","date_gmt":"2023-01-25T14:05:31","guid":{"rendered":"https:\/\/feinschmeckergarten.de\/?p=2699"},"modified":"2023-03-15T15:19:29","modified_gmt":"2023-03-15T15:19:29","slug":"rhs-wisley-im-regen-nach-einer-duerre","status":"publish","type":"post","link":"https:\/\/feinschmeckergarten.de\/index.php\/2023\/01\/25\/rhs-wisley-im-regen-nach-einer-duerre\/","title":{"rendered":"RHS Wisley im Regen &#8211; nach einer D\u00fcrre"},"content":{"rendered":"\n<p>Wir kamen Mitte August 2022 direkt von der F\u00e4hre kommend in Wisley an. Die Landschaft war braun und verbrannt nach wochenlanger D\u00fcrre und wir brachten den ersten Regen vom Kontinent mit her\u00fcber!<br>Zumindest m\u00f6chte ich mir einreden, dass wir diesen positiven Einfluss hatten. \ud83d\ude42<br>Denn so sch\u00f6n Wisley ist, in etwas Sonnenschein ist RHS Wisley bestimmt noch etwas sch\u00f6ner. Au\u00dferdem h\u00e4tte ich ohne Regen nicht die ersten Bilder vermasselt, auf denen Regentropfen auf dem Objektiv zu sehen sind.<\/p>\n\n\n\n<figure class=\"wp-block-gallery has-nested-images columns-default is-cropped wp-block-gallery-1 is-layout-flex wp-block-gallery-is-layout-flex\">\n<figure class=\"wp-block-image size-large\"><a href=\"https:\/\/feinschmeckergarten.de\/wp-content\/uploads\/2023\/01\/TeichhuhnkuekenP1050320.jpg\"><img loading=\"lazy\" decoding=\"async\" width=\"1024\" height=\"811\" data-id=\"2704\" src=\"https:\/\/feinschmeckergarten.de\/wp-content\/uploads\/2023\/01\/TeichhuhnkuekenP1050320-1024x811.jpg\" alt=\"Teichhuhnk\u00fcken\" class=\"wp-image-2704\" srcset=\"https:\/\/feinschmeckergarten.de\/wp-content\/uploads\/2023\/01\/TeichhuhnkuekenP1050320-1024x811.jpg 1024w, https:\/\/feinschmeckergarten.de\/wp-content\/uploads\/2023\/01\/TeichhuhnkuekenP1050320-300x238.jpg 300w, https:\/\/feinschmeckergarten.de\/wp-content\/uploads\/2023\/01\/TeichhuhnkuekenP1050320-768x608.jpg 768w, https:\/\/feinschmeckergarten.de\/wp-content\/uploads\/2023\/01\/TeichhuhnkuekenP1050320-1536x1216.jpg 1536w, https:\/\/feinschmeckergarten.de\/wp-content\/uploads\/2023\/01\/TeichhuhnkuekenP1050320-2048x1621.jpg 2048w\" sizes=\"auto, (max-width: 767px) 89vw, (max-width: 1000px) 54vw, (max-width: 1071px) 543px, 580px\" \/><\/a><\/figure>\n\n\n\n<figure class=\"wp-block-image size-large\"><a href=\"https:\/\/feinschmeckergarten.de\/wp-content\/uploads\/2023\/01\/TeichhuhnKuekenP1050322-scaled.jpg\"><img loading=\"lazy\" decoding=\"async\" width=\"1024\" height=\"586\" data-id=\"2705\" src=\"https:\/\/feinschmeckergarten.de\/wp-content\/uploads\/2023\/01\/TeichhuhnKuekenP1050322-1024x586.jpg\" alt=\"Teichhuhn mit K\u00fcken\" class=\"wp-image-2705\" srcset=\"https:\/\/feinschmeckergarten.de\/wp-content\/uploads\/2023\/01\/TeichhuhnKuekenP1050322-1024x586.jpg 1024w, https:\/\/feinschmeckergarten.de\/wp-content\/uploads\/2023\/01\/TeichhuhnKuekenP1050322-300x172.jpg 300w, https:\/\/feinschmeckergarten.de\/wp-content\/uploads\/2023\/01\/TeichhuhnKuekenP1050322-768x440.jpg 768w, https:\/\/feinschmeckergarten.de\/wp-content\/uploads\/2023\/01\/TeichhuhnKuekenP1050322-1536x880.jpg 1536w, https:\/\/feinschmeckergarten.de\/wp-content\/uploads\/2023\/01\/TeichhuhnKuekenP1050322-2048x1173.jpg 2048w\" sizes=\"auto, (max-width: 767px) 89vw, (max-width: 1000px) 54vw, (max-width: 1071px) 543px, 580px\" \/><\/a><\/figure>\n\n\n\n<figure class=\"wp-block-image size-large\"><a href=\"https:\/\/feinschmeckergarten.de\/wp-content\/uploads\/2023\/01\/TeichhuhnKuekenP1050326-scaled.jpg\"><img loading=\"lazy\" decoding=\"async\" width=\"1024\" height=\"635\" data-id=\"2703\" src=\"https:\/\/feinschmeckergarten.de\/wp-content\/uploads\/2023\/01\/TeichhuhnKuekenP1050326-1024x635.jpg\" alt=\"Teichhuhn mit K\u00fcken\" class=\"wp-image-2703\" srcset=\"https:\/\/feinschmeckergarten.de\/wp-content\/uploads\/2023\/01\/TeichhuhnKuekenP1050326-1024x635.jpg 1024w, https:\/\/feinschmeckergarten.de\/wp-content\/uploads\/2023\/01\/TeichhuhnKuekenP1050326-300x186.jpg 300w, https:\/\/feinschmeckergarten.de\/wp-content\/uploads\/2023\/01\/TeichhuhnKuekenP1050326-768x476.jpg 768w, https:\/\/feinschmeckergarten.de\/wp-content\/uploads\/2023\/01\/TeichhuhnKuekenP1050326-1536x952.jpg 1536w, https:\/\/feinschmeckergarten.de\/wp-content\/uploads\/2023\/01\/TeichhuhnKuekenP1050326-2048x1270.jpg 2048w\" sizes=\"auto, (max-width: 767px) 89vw, (max-width: 1000px) 54vw, (max-width: 1071px) 543px, 580px\" \/><\/a><\/figure>\n\n\n\n<figure class=\"wp-block-image size-large\"><a href=\"https:\/\/feinschmeckergarten.de\/wp-content\/uploads\/2023\/01\/TeichhuhnKuekenP1050329-scaled.jpg\"><img loading=\"lazy\" decoding=\"async\" width=\"1024\" height=\"558\" data-id=\"2707\" src=\"https:\/\/feinschmeckergarten.de\/wp-content\/uploads\/2023\/01\/TeichhuhnKuekenP1050329-1024x558.jpg\" alt=\"Teichhuhn mit K\u00fcken\" class=\"wp-image-2707\" srcset=\"https:\/\/feinschmeckergarten.de\/wp-content\/uploads\/2023\/01\/TeichhuhnKuekenP1050329-1024x558.jpg 1024w, https:\/\/feinschmeckergarten.de\/wp-content\/uploads\/2023\/01\/TeichhuhnKuekenP1050329-300x163.jpg 300w, https:\/\/feinschmeckergarten.de\/wp-content\/uploads\/2023\/01\/TeichhuhnKuekenP1050329-768x418.jpg 768w, https:\/\/feinschmeckergarten.de\/wp-content\/uploads\/2023\/01\/TeichhuhnKuekenP1050329-1536x836.jpg 1536w, https:\/\/feinschmeckergarten.de\/wp-content\/uploads\/2023\/01\/TeichhuhnKuekenP1050329-2048x1115.jpg 2048w\" sizes=\"auto, (max-width: 767px) 89vw, (max-width: 1000px) 54vw, (max-width: 1071px) 543px, 580px\" \/><\/a><\/figure>\n\n\n\n<figure class=\"wp-block-image size-large\"><a href=\"https:\/\/feinschmeckergarten.de\/wp-content\/uploads\/2023\/01\/TeichhuhnKuekenP1050330-scaled.jpg\"><img loading=\"lazy\" decoding=\"async\" width=\"1024\" height=\"637\" data-id=\"2706\" src=\"https:\/\/feinschmeckergarten.de\/wp-content\/uploads\/2023\/01\/TeichhuhnKuekenP1050330-1024x637.jpg\" alt=\"Teichhuhn mit K\u00fcken\" class=\"wp-image-2706\" srcset=\"https:\/\/feinschmeckergarten.de\/wp-content\/uploads\/2023\/01\/TeichhuhnKuekenP1050330-1024x637.jpg 1024w, https:\/\/feinschmeckergarten.de\/wp-content\/uploads\/2023\/01\/TeichhuhnKuekenP1050330-300x187.jpg 300w, https:\/\/feinschmeckergarten.de\/wp-content\/uploads\/2023\/01\/TeichhuhnKuekenP1050330-768x478.jpg 768w, https:\/\/feinschmeckergarten.de\/wp-content\/uploads\/2023\/01\/TeichhuhnKuekenP1050330-1536x956.jpg 1536w, https:\/\/feinschmeckergarten.de\/wp-content\/uploads\/2023\/01\/TeichhuhnKuekenP1050330-2048x1274.jpg 2048w\" sizes=\"auto, (max-width: 767px) 89vw, (max-width: 1000px) 54vw, (max-width: 1071px) 543px, 580px\" \/><\/a><\/figure>\n\n\n\n<figure class=\"wp-block-image size-large\"><a href=\"https:\/\/feinschmeckergarten.de\/wp-content\/uploads\/2023\/01\/Wisley-Knot-Garden-P1050969-scaled.jpg\"><img loading=\"lazy\" decoding=\"async\" width=\"1024\" height=\"547\" data-id=\"2712\" src=\"https:\/\/feinschmeckergarten.de\/wp-content\/uploads\/2023\/01\/Wisley-Knot-Garden-P1050969-1024x547.jpg\" alt=\"Knot Garden\" class=\"wp-image-2712\" srcset=\"https:\/\/feinschmeckergarten.de\/wp-content\/uploads\/2023\/01\/Wisley-Knot-Garden-P1050969-1024x547.jpg 1024w, https:\/\/feinschmeckergarten.de\/wp-content\/uploads\/2023\/01\/Wisley-Knot-Garden-P1050969-300x160.jpg 300w, https:\/\/feinschmeckergarten.de\/wp-content\/uploads\/2023\/01\/Wisley-Knot-Garden-P1050969-768x410.jpg 768w, https:\/\/feinschmeckergarten.de\/wp-content\/uploads\/2023\/01\/Wisley-Knot-Garden-P1050969-1536x820.jpg 1536w, https:\/\/feinschmeckergarten.de\/wp-content\/uploads\/2023\/01\/Wisley-Knot-Garden-P1050969-2048x1094.jpg 2048w\" sizes=\"auto, (max-width: 767px) 89vw, (max-width: 1000px) 54vw, (max-width: 1071px) 543px, 580px\" \/><\/a><\/figure>\n\n\n\n<figure class=\"wp-block-image size-large\"><a href=\"https:\/\/feinschmeckergarten.de\/wp-content\/uploads\/2023\/01\/Wisley-P1050966-scaled.jpg\"><img loading=\"lazy\" decoding=\"async\" width=\"1024\" height=\"576\" data-id=\"2711\" src=\"https:\/\/feinschmeckergarten.de\/wp-content\/uploads\/2023\/01\/Wisley-P1050966-1024x576.jpg\" alt=\"Wisley Hauptgeb\u00e4ude\" class=\"wp-image-2711\" srcset=\"https:\/\/feinschmeckergarten.de\/wp-content\/uploads\/2023\/01\/Wisley-P1050966-1024x576.jpg 1024w, https:\/\/feinschmeckergarten.de\/wp-content\/uploads\/2023\/01\/Wisley-P1050966-300x169.jpg 300w, https:\/\/feinschmeckergarten.de\/wp-content\/uploads\/2023\/01\/Wisley-P1050966-768x432.jpg 768w, https:\/\/feinschmeckergarten.de\/wp-content\/uploads\/2023\/01\/Wisley-P1050966-1536x864.jpg 1536w, https:\/\/feinschmeckergarten.de\/wp-content\/uploads\/2023\/01\/Wisley-P1050966-2048x1152.jpg 2048w\" sizes=\"auto, (max-width: 767px) 89vw, (max-width: 1000px) 54vw, (max-width: 1071px) 543px, 580px\" \/><\/a><\/figure>\n\n\n\n<figure class=\"wp-block-image size-large\"><a href=\"https:\/\/feinschmeckergarten.de\/wp-content\/uploads\/2023\/01\/Wisley-Pond-P1050973-scaled.jpg\"><img loading=\"lazy\" decoding=\"async\" width=\"1024\" height=\"576\" data-id=\"2710\" src=\"https:\/\/feinschmeckergarten.de\/wp-content\/uploads\/2023\/01\/Wisley-Pond-P1050973-1024x576.jpg\" alt=\"Wisley Hauptgeb\u00e4ude\" class=\"wp-image-2710\" srcset=\"https:\/\/feinschmeckergarten.de\/wp-content\/uploads\/2023\/01\/Wisley-Pond-P1050973-1024x576.jpg 1024w, https:\/\/feinschmeckergarten.de\/wp-content\/uploads\/2023\/01\/Wisley-Pond-P1050973-300x169.jpg 300w, https:\/\/feinschmeckergarten.de\/wp-content\/uploads\/2023\/01\/Wisley-Pond-P1050973-768x432.jpg 768w, https:\/\/feinschmeckergarten.de\/wp-content\/uploads\/2023\/01\/Wisley-Pond-P1050973-1536x864.jpg 1536w, https:\/\/feinschmeckergarten.de\/wp-content\/uploads\/2023\/01\/Wisley-Pond-P1050973-2048x1152.jpg 2048w\" sizes=\"auto, (max-width: 767px) 89vw, (max-width: 1000px) 54vw, (max-width: 1071px) 543px, 580px\" \/><\/a><\/figure>\n\n\n\n<figure class=\"wp-block-image size-large\"><a href=\"https:\/\/feinschmeckergarten.de\/wp-content\/uploads\/2023\/01\/Wisley-Pond-P1050979jpg-scaled.jpg\"><img loading=\"lazy\" decoding=\"async\" width=\"1024\" height=\"576\" data-id=\"2709\" src=\"https:\/\/feinschmeckergarten.de\/wp-content\/uploads\/2023\/01\/Wisley-Pond-P1050979jpg-1024x576.jpg\" alt=\"Wisley Seerosenteich\" class=\"wp-image-2709\" srcset=\"https:\/\/feinschmeckergarten.de\/wp-content\/uploads\/2023\/01\/Wisley-Pond-P1050979jpg-1024x576.jpg 1024w, https:\/\/feinschmeckergarten.de\/wp-content\/uploads\/2023\/01\/Wisley-Pond-P1050979jpg-300x169.jpg 300w, https:\/\/feinschmeckergarten.de\/wp-content\/uploads\/2023\/01\/Wisley-Pond-P1050979jpg-768x432.jpg 768w, https:\/\/feinschmeckergarten.de\/wp-content\/uploads\/2023\/01\/Wisley-Pond-P1050979jpg-1536x864.jpg 1536w, https:\/\/feinschmeckergarten.de\/wp-content\/uploads\/2023\/01\/Wisley-Pond-P1050979jpg-2048x1152.jpg 2048w\" sizes=\"auto, (max-width: 767px) 89vw, (max-width: 1000px) 54vw, (max-width: 1071px) 543px, 580px\" \/><\/a><\/figure>\n\n\n\n<figure class=\"wp-block-image size-large\"><a href=\"https:\/\/feinschmeckergarten.de\/wp-content\/uploads\/2023\/01\/Wisley-Pond-P1050977-scaled.jpg\"><img loading=\"lazy\" decoding=\"async\" width=\"997\" height=\"1024\" data-id=\"2708\" src=\"https:\/\/feinschmeckergarten.de\/wp-content\/uploads\/2023\/01\/Wisley-Pond-P1050977-997x1024.jpg\" alt=\"Wisley Seerosenteich\" class=\"wp-image-2708\" srcset=\"https:\/\/feinschmeckergarten.de\/wp-content\/uploads\/2023\/01\/Wisley-Pond-P1050977-997x1024.jpg 997w, https:\/\/feinschmeckergarten.de\/wp-content\/uploads\/2023\/01\/Wisley-Pond-P1050977-292x300.jpg 292w, https:\/\/feinschmeckergarten.de\/wp-content\/uploads\/2023\/01\/Wisley-Pond-P1050977-768x789.jpg 768w, https:\/\/feinschmeckergarten.de\/wp-content\/uploads\/2023\/01\/Wisley-Pond-P1050977-1495x1536.jpg 1495w, https:\/\/feinschmeckergarten.de\/wp-content\/uploads\/2023\/01\/Wisley-Pond-P1050977-1993x2048.jpg 1993w\" sizes=\"auto, (max-width: 767px) 89vw, (max-width: 1000px) 54vw, (max-width: 1071px) 543px, 580px\" \/><\/a><\/figure>\n<\/figure>\n\n\n\n<p>Wenn ich meine Highlights in Wisley nennen sollte, f\u00e4llt auf, dass ich diese gar nicht unbedingt fotografiert habe. Einerseits war das Wetter wohl nicht so und andererseits haben sie mich vielleicht auch zu sehr gefesselt. \ud83d\ude42<br>Zu den besten Teilen geh\u00f6ren aber auf jeden Fall der NoDig Food Garden, die Obstbaumsammlungen, die Testbeete mit unterschiedlichen Kulturen (z.B. Dahlien, Oregano), der Alpingarten und der tropische Garten.<\/p>\n\n\n\n<p>\u00dcberw\u00e4ltigend ist nat\u00fcrlich auch die schiere Gr\u00f6\u00dfe. Der gr\u00f6\u00dfte botanische Garten in Deutschland ist mit 43 ha der Botanische Garten Berlin. RHS Wisley ist 96 ha gro\u00df. Damit ist Wisley der zweitgr\u00f6\u00dfte der f\u00fcnf Schau- und Forschungsg\u00e4rten der Royal Horticultural Society (RHS) nach Hyde Hall mit 150 ha. Fairerweise sollte man allerdings sagen, dass in Hyde Hall weite Fl\u00e4chen nicht g\u00e4rtnerisch erschlossen sind.<\/p>\n\n\n\n<figure class=\"wp-block-gallery has-nested-images columns-default is-cropped wp-block-gallery-2 is-layout-flex wp-block-gallery-is-layout-flex\">\n<figure class=\"wp-block-image size-large\"><a href=\"https:\/\/feinschmeckergarten.de\/wp-content\/uploads\/2023\/01\/Wisley-Walled-Garden-P1060028-scaled.jpg\"><img loading=\"lazy\" decoding=\"async\" width=\"576\" height=\"1024\" data-id=\"2716\" src=\"https:\/\/feinschmeckergarten.de\/wp-content\/uploads\/2023\/01\/Wisley-Walled-Garden-P1060028-576x1024.jpg\" alt=\"formaler Gartenteich\" class=\"wp-image-2716\" srcset=\"https:\/\/feinschmeckergarten.de\/wp-content\/uploads\/2023\/01\/Wisley-Walled-Garden-P1060028-576x1024.jpg 576w, https:\/\/feinschmeckergarten.de\/wp-content\/uploads\/2023\/01\/Wisley-Walled-Garden-P1060028-169x300.jpg 169w, https:\/\/feinschmeckergarten.de\/wp-content\/uploads\/2023\/01\/Wisley-Walled-Garden-P1060028-768x1365.jpg 768w, https:\/\/feinschmeckergarten.de\/wp-content\/uploads\/2023\/01\/Wisley-Walled-Garden-P1060028-864x1536.jpg 864w, https:\/\/feinschmeckergarten.de\/wp-content\/uploads\/2023\/01\/Wisley-Walled-Garden-P1060028-1152x2048.jpg 1152w, https:\/\/feinschmeckergarten.de\/wp-content\/uploads\/2023\/01\/Wisley-Walled-Garden-P1060028-scaled.jpg 1441w\" sizes=\"auto, (max-width: 576px) 100vw, 576px\" \/><\/a><\/figure>\n\n\n\n<figure class=\"wp-block-image size-large\"><a href=\"https:\/\/feinschmeckergarten.de\/wp-content\/uploads\/2023\/01\/TanzendeHasenP1050332_ba-scaled.jpg\"><img loading=\"lazy\" decoding=\"async\" width=\"1024\" height=\"576\" data-id=\"2727\" src=\"https:\/\/feinschmeckergarten.de\/wp-content\/uploads\/2023\/01\/TanzendeHasenP1050332_ba-1024x576.jpg\" alt=\"Skulptur tanzender Hasen\" class=\"wp-image-2727\" srcset=\"https:\/\/feinschmeckergarten.de\/wp-content\/uploads\/2023\/01\/TanzendeHasenP1050332_ba-1024x576.jpg 1024w, https:\/\/feinschmeckergarten.de\/wp-content\/uploads\/2023\/01\/TanzendeHasenP1050332_ba-300x169.jpg 300w, https:\/\/feinschmeckergarten.de\/wp-content\/uploads\/2023\/01\/TanzendeHasenP1050332_ba-768x432.jpg 768w, https:\/\/feinschmeckergarten.de\/wp-content\/uploads\/2023\/01\/TanzendeHasenP1050332_ba-1536x864.jpg 1536w, https:\/\/feinschmeckergarten.de\/wp-content\/uploads\/2023\/01\/TanzendeHasenP1050332_ba-2048x1152.jpg 2048w\" sizes=\"auto, (max-width: 767px) 89vw, (max-width: 1000px) 54vw, (max-width: 1071px) 543px, 580px\" \/><\/a><\/figure>\n\n\n\n<figure class=\"wp-block-image size-large\"><a href=\"https:\/\/feinschmeckergarten.de\/wp-content\/uploads\/2023\/01\/Wisley-dried-flowers-P1060035-scaled.jpg\"><img loading=\"lazy\" decoding=\"async\" width=\"1024\" height=\"576\" data-id=\"2722\" src=\"https:\/\/feinschmeckergarten.de\/wp-content\/uploads\/2023\/01\/Wisley-dried-flowers-P1060035-1024x576.jpg\" alt=\"Trockenblumen\" class=\"wp-image-2722\" srcset=\"https:\/\/feinschmeckergarten.de\/wp-content\/uploads\/2023\/01\/Wisley-dried-flowers-P1060035-1024x576.jpg 1024w, https:\/\/feinschmeckergarten.de\/wp-content\/uploads\/2023\/01\/Wisley-dried-flowers-P1060035-300x169.jpg 300w, https:\/\/feinschmeckergarten.de\/wp-content\/uploads\/2023\/01\/Wisley-dried-flowers-P1060035-768x432.jpg 768w, https:\/\/feinschmeckergarten.de\/wp-content\/uploads\/2023\/01\/Wisley-dried-flowers-P1060035-1536x864.jpg 1536w, https:\/\/feinschmeckergarten.de\/wp-content\/uploads\/2023\/01\/Wisley-dried-flowers-P1060035-2048x1152.jpg 2048w\" sizes=\"auto, (max-width: 767px) 89vw, (max-width: 1000px) 54vw, (max-width: 1071px) 543px, 580px\" \/><\/a><\/figure>\n\n\n\n<figure class=\"wp-block-image size-large\"><a href=\"https:\/\/feinschmeckergarten.de\/wp-content\/uploads\/2023\/01\/Wisley-dried-flowers-P1060036-scaled.jpg\"><img loading=\"lazy\" decoding=\"async\" width=\"1024\" height=\"576\" data-id=\"2720\" src=\"https:\/\/feinschmeckergarten.de\/wp-content\/uploads\/2023\/01\/Wisley-dried-flowers-P1060036-1024x576.jpg\" alt=\"Trockenblumen\" class=\"wp-image-2720\" srcset=\"https:\/\/feinschmeckergarten.de\/wp-content\/uploads\/2023\/01\/Wisley-dried-flowers-P1060036-1024x576.jpg 1024w, https:\/\/feinschmeckergarten.de\/wp-content\/uploads\/2023\/01\/Wisley-dried-flowers-P1060036-300x169.jpg 300w, https:\/\/feinschmeckergarten.de\/wp-content\/uploads\/2023\/01\/Wisley-dried-flowers-P1060036-768x432.jpg 768w, https:\/\/feinschmeckergarten.de\/wp-content\/uploads\/2023\/01\/Wisley-dried-flowers-P1060036-1536x864.jpg 1536w, https:\/\/feinschmeckergarten.de\/wp-content\/uploads\/2023\/01\/Wisley-dried-flowers-P1060036-2048x1152.jpg 2048w\" sizes=\"auto, (max-width: 767px) 89vw, (max-width: 1000px) 54vw, (max-width: 1071px) 543px, 580px\" \/><\/a><\/figure>\n\n\n\n<figure class=\"wp-block-image size-large\"><a href=\"https:\/\/feinschmeckergarten.de\/wp-content\/uploads\/2023\/01\/Wisley-Greenhouse-Alpine-Garden-P1060015-scaled.jpg\"><img loading=\"lazy\" decoding=\"async\" width=\"1024\" height=\"576\" data-id=\"2725\" src=\"https:\/\/feinschmeckergarten.de\/wp-content\/uploads\/2023\/01\/Wisley-Greenhouse-Alpine-Garden-P1060015-1024x576.jpg\" alt=\"das gro\u00dfe Gew\u00e4chshaus und der Alpingarten\" class=\"wp-image-2725\" srcset=\"https:\/\/feinschmeckergarten.de\/wp-content\/uploads\/2023\/01\/Wisley-Greenhouse-Alpine-Garden-P1060015-1024x576.jpg 1024w, https:\/\/feinschmeckergarten.de\/wp-content\/uploads\/2023\/01\/Wisley-Greenhouse-Alpine-Garden-P1060015-300x169.jpg 300w, https:\/\/feinschmeckergarten.de\/wp-content\/uploads\/2023\/01\/Wisley-Greenhouse-Alpine-Garden-P1060015-768x432.jpg 768w, https:\/\/feinschmeckergarten.de\/wp-content\/uploads\/2023\/01\/Wisley-Greenhouse-Alpine-Garden-P1060015-1536x864.jpg 1536w, https:\/\/feinschmeckergarten.de\/wp-content\/uploads\/2023\/01\/Wisley-Greenhouse-Alpine-Garden-P1060015-2048x1152.jpg 2048w\" sizes=\"auto, (max-width: 767px) 89vw, (max-width: 1000px) 54vw, (max-width: 1071px) 543px, 580px\" \/><\/a><\/figure>\n\n\n\n<figure class=\"wp-block-image size-large\"><a href=\"https:\/\/feinschmeckergarten.de\/wp-content\/uploads\/2023\/01\/Wisley-Greenhouse-P1060007-scaled.jpg\"><img loading=\"lazy\" decoding=\"async\" width=\"1024\" height=\"576\" data-id=\"2718\" src=\"https:\/\/feinschmeckergarten.de\/wp-content\/uploads\/2023\/01\/Wisley-Greenhouse-P1060007-1024x576.jpg\" alt=\"das gro\u00dfe Gew\u00e4chshaus\" class=\"wp-image-2718\" srcset=\"https:\/\/feinschmeckergarten.de\/wp-content\/uploads\/2023\/01\/Wisley-Greenhouse-P1060007-1024x576.jpg 1024w, https:\/\/feinschmeckergarten.de\/wp-content\/uploads\/2023\/01\/Wisley-Greenhouse-P1060007-300x169.jpg 300w, https:\/\/feinschmeckergarten.de\/wp-content\/uploads\/2023\/01\/Wisley-Greenhouse-P1060007-768x432.jpg 768w, https:\/\/feinschmeckergarten.de\/wp-content\/uploads\/2023\/01\/Wisley-Greenhouse-P1060007-1536x864.jpg 1536w, https:\/\/feinschmeckergarten.de\/wp-content\/uploads\/2023\/01\/Wisley-Greenhouse-P1060007-2048x1152.jpg 2048w\" sizes=\"auto, (max-width: 767px) 89vw, (max-width: 1000px) 54vw, (max-width: 1071px) 543px, 580px\" \/><\/a><\/figure>\n\n\n\n<figure class=\"wp-block-image size-large\"><a href=\"https:\/\/feinschmeckergarten.de\/wp-content\/uploads\/2023\/01\/Wisley-Greenhouse-P1060008-scaled.jpg\"><img loading=\"lazy\" decoding=\"async\" width=\"1024\" height=\"576\" data-id=\"2723\" src=\"https:\/\/feinschmeckergarten.de\/wp-content\/uploads\/2023\/01\/Wisley-Greenhouse-P1060008-1024x576.jpg\" alt=\"das gro\u00dfe Gew\u00e4chshaus\" class=\"wp-image-2723\" srcset=\"https:\/\/feinschmeckergarten.de\/wp-content\/uploads\/2023\/01\/Wisley-Greenhouse-P1060008-1024x576.jpg 1024w, https:\/\/feinschmeckergarten.de\/wp-content\/uploads\/2023\/01\/Wisley-Greenhouse-P1060008-300x169.jpg 300w, https:\/\/feinschmeckergarten.de\/wp-content\/uploads\/2023\/01\/Wisley-Greenhouse-P1060008-768x432.jpg 768w, https:\/\/feinschmeckergarten.de\/wp-content\/uploads\/2023\/01\/Wisley-Greenhouse-P1060008-1536x864.jpg 1536w, https:\/\/feinschmeckergarten.de\/wp-content\/uploads\/2023\/01\/Wisley-Greenhouse-P1060008-2048x1152.jpg 2048w\" sizes=\"auto, (max-width: 767px) 89vw, (max-width: 1000px) 54vw, (max-width: 1071px) 543px, 580px\" \/><\/a><\/figure>\n\n\n\n<figure class=\"wp-block-image size-large\"><a href=\"https:\/\/feinschmeckergarten.de\/wp-content\/uploads\/2023\/01\/Wisley-Greenhouse-P1060009-scaled.jpg\"><img loading=\"lazy\" decoding=\"async\" width=\"1024\" height=\"576\" data-id=\"2719\" src=\"https:\/\/feinschmeckergarten.de\/wp-content\/uploads\/2023\/01\/Wisley-Greenhouse-P1060009-1024x576.jpg\" alt=\"das gro\u00dfe Gew\u00e4chshaus\" class=\"wp-image-2719\" srcset=\"https:\/\/feinschmeckergarten.de\/wp-content\/uploads\/2023\/01\/Wisley-Greenhouse-P1060009-1024x576.jpg 1024w, https:\/\/feinschmeckergarten.de\/wp-content\/uploads\/2023\/01\/Wisley-Greenhouse-P1060009-300x169.jpg 300w, https:\/\/feinschmeckergarten.de\/wp-content\/uploads\/2023\/01\/Wisley-Greenhouse-P1060009-768x432.jpg 768w, https:\/\/feinschmeckergarten.de\/wp-content\/uploads\/2023\/01\/Wisley-Greenhouse-P1060009-1536x864.jpg 1536w, https:\/\/feinschmeckergarten.de\/wp-content\/uploads\/2023\/01\/Wisley-Greenhouse-P1060009-2048x1152.jpg 2048w\" sizes=\"auto, (max-width: 767px) 89vw, (max-width: 1000px) 54vw, (max-width: 1071px) 543px, 580px\" \/><\/a><\/figure>\n\n\n\n<figure class=\"wp-block-image size-large\"><a href=\"https:\/\/feinschmeckergarten.de\/wp-content\/uploads\/2023\/01\/Wisley-Heath-Borders-P1060030-scaled.jpg\"><img loading=\"lazy\" decoding=\"async\" width=\"1024\" height=\"576\" data-id=\"2726\" src=\"https:\/\/feinschmeckergarten.de\/wp-content\/uploads\/2023\/01\/Wisley-Heath-Borders-P1060030-1024x576.jpg\" alt=\"Beete im Heidegarten\" class=\"wp-image-2726\" srcset=\"https:\/\/feinschmeckergarten.de\/wp-content\/uploads\/2023\/01\/Wisley-Heath-Borders-P1060030-1024x576.jpg 1024w, https:\/\/feinschmeckergarten.de\/wp-content\/uploads\/2023\/01\/Wisley-Heath-Borders-P1060030-300x169.jpg 300w, https:\/\/feinschmeckergarten.de\/wp-content\/uploads\/2023\/01\/Wisley-Heath-Borders-P1060030-768x432.jpg 768w, https:\/\/feinschmeckergarten.de\/wp-content\/uploads\/2023\/01\/Wisley-Heath-Borders-P1060030-1536x864.jpg 1536w, https:\/\/feinschmeckergarten.de\/wp-content\/uploads\/2023\/01\/Wisley-Heath-Borders-P1060030-2048x1152.jpg 2048w\" sizes=\"auto, (max-width: 767px) 89vw, (max-width: 1000px) 54vw, (max-width: 1071px) 543px, 580px\" \/><\/a><\/figure>\n\n\n\n<figure class=\"wp-block-image size-large\"><a href=\"https:\/\/feinschmeckergarten.de\/wp-content\/uploads\/2023\/01\/Wisley-Long-Border-P1050989-scaled.jpg\"><img loading=\"lazy\" decoding=\"async\" width=\"1024\" height=\"383\" data-id=\"2717\" src=\"https:\/\/feinschmeckergarten.de\/wp-content\/uploads\/2023\/01\/Wisley-Long-Border-P1050989-1024x383.jpg\" alt=\"lange Blumenbeete\" class=\"wp-image-2717\" srcset=\"https:\/\/feinschmeckergarten.de\/wp-content\/uploads\/2023\/01\/Wisley-Long-Border-P1050989-1024x383.jpg 1024w, https:\/\/feinschmeckergarten.de\/wp-content\/uploads\/2023\/01\/Wisley-Long-Border-P1050989-300x112.jpg 300w, https:\/\/feinschmeckergarten.de\/wp-content\/uploads\/2023\/01\/Wisley-Long-Border-P1050989-768x287.jpg 768w, https:\/\/feinschmeckergarten.de\/wp-content\/uploads\/2023\/01\/Wisley-Long-Border-P1050989-1536x575.jpg 1536w, https:\/\/feinschmeckergarten.de\/wp-content\/uploads\/2023\/01\/Wisley-Long-Border-P1050989-2048x766.jpg 2048w\" sizes=\"auto, (max-width: 767px) 89vw, (max-width: 1000px) 54vw, (max-width: 1071px) 543px, 580px\" \/><\/a><\/figure>\n\n\n\n<figure class=\"wp-block-image size-large\"><a href=\"https:\/\/feinschmeckergarten.de\/wp-content\/uploads\/2023\/01\/Wisley-Sculpture-P1050993-scaled.jpg\"><img loading=\"lazy\" decoding=\"async\" width=\"1024\" height=\"576\" data-id=\"2715\" src=\"https:\/\/feinschmeckergarten.de\/wp-content\/uploads\/2023\/01\/Wisley-Sculpture-P1050993-1024x576.jpg\" alt=\"Skulptur Turmspringerin\" class=\"wp-image-2715\" srcset=\"https:\/\/feinschmeckergarten.de\/wp-content\/uploads\/2023\/01\/Wisley-Sculpture-P1050993-1024x576.jpg 1024w, https:\/\/feinschmeckergarten.de\/wp-content\/uploads\/2023\/01\/Wisley-Sculpture-P1050993-300x169.jpg 300w, https:\/\/feinschmeckergarten.de\/wp-content\/uploads\/2023\/01\/Wisley-Sculpture-P1050993-768x432.jpg 768w, https:\/\/feinschmeckergarten.de\/wp-content\/uploads\/2023\/01\/Wisley-Sculpture-P1050993-1536x864.jpg 1536w, https:\/\/feinschmeckergarten.de\/wp-content\/uploads\/2023\/01\/Wisley-Sculpture-P1050993-2048x1152.jpg 2048w\" sizes=\"auto, (max-width: 767px) 89vw, (max-width: 1000px) 54vw, (max-width: 1071px) 543px, 580px\" \/><\/a><\/figure>\n\n\n\n<figure class=\"wp-block-image size-large\"><a href=\"https:\/\/feinschmeckergarten.de\/wp-content\/uploads\/2023\/01\/Wisley-Sculpture-P1050995.jpg\"><img loading=\"lazy\" decoding=\"async\" width=\"1018\" height=\"1024\" data-id=\"2714\" src=\"https:\/\/feinschmeckergarten.de\/wp-content\/uploads\/2023\/01\/Wisley-Sculpture-P1050995-1018x1024.jpg\" alt=\"Skulptur Turmspringerin\" class=\"wp-image-2714\" srcset=\"https:\/\/feinschmeckergarten.de\/wp-content\/uploads\/2023\/01\/Wisley-Sculpture-P1050995-1018x1024.jpg 1018w, https:\/\/feinschmeckergarten.de\/wp-content\/uploads\/2023\/01\/Wisley-Sculpture-P1050995-298x300.jpg 298w, https:\/\/feinschmeckergarten.de\/wp-content\/uploads\/2023\/01\/Wisley-Sculpture-P1050995-150x150.jpg 150w, https:\/\/feinschmeckergarten.de\/wp-content\/uploads\/2023\/01\/Wisley-Sculpture-P1050995-768x772.jpg 768w, https:\/\/feinschmeckergarten.de\/wp-content\/uploads\/2023\/01\/Wisley-Sculpture-P1050995-1527x1536.jpg 1527w, https:\/\/feinschmeckergarten.de\/wp-content\/uploads\/2023\/01\/Wisley-Sculpture-P1050995-2036x2048.jpg 2036w, https:\/\/feinschmeckergarten.de\/wp-content\/uploads\/2023\/01\/Wisley-Sculpture-P1050995-100x100.jpg 100w\" sizes=\"auto, (max-width: 767px) 89vw, (max-width: 1000px) 54vw, (max-width: 1071px) 543px, 580px\" \/><\/a><\/figure>\n\n\n\n<figure class=\"wp-block-image size-large\"><a href=\"https:\/\/feinschmeckergarten.de\/wp-content\/uploads\/2023\/01\/Wisley-Topiary-P1050990-scaled.jpg\"><img loading=\"lazy\" decoding=\"async\" width=\"1024\" height=\"794\" data-id=\"2724\" src=\"https:\/\/feinschmeckergarten.de\/wp-content\/uploads\/2023\/01\/Wisley-Topiary-P1050990-1024x794.jpg\" alt=\"Formschnittgeh\u00f6lze\" class=\"wp-image-2724\" srcset=\"https:\/\/feinschmeckergarten.de\/wp-content\/uploads\/2023\/01\/Wisley-Topiary-P1050990-1024x794.jpg 1024w, https:\/\/feinschmeckergarten.de\/wp-content\/uploads\/2023\/01\/Wisley-Topiary-P1050990-300x232.jpg 300w, https:\/\/feinschmeckergarten.de\/wp-content\/uploads\/2023\/01\/Wisley-Topiary-P1050990-768x595.jpg 768w, https:\/\/feinschmeckergarten.de\/wp-content\/uploads\/2023\/01\/Wisley-Topiary-P1050990-1536x1190.jpg 1536w, https:\/\/feinschmeckergarten.de\/wp-content\/uploads\/2023\/01\/Wisley-Topiary-P1050990-2048x1587.jpg 2048w\" sizes=\"auto, (max-width: 767px) 89vw, (max-width: 1000px) 54vw, (max-width: 1071px) 543px, 580px\" \/><\/a><\/figure>\n\n\n\n<figure class=\"wp-block-image size-large\"><a href=\"https:\/\/feinschmeckergarten.de\/wp-content\/uploads\/2023\/01\/Wisley-Tropical-Garden-P1050997-scaled.jpg\"><img loading=\"lazy\" decoding=\"async\" width=\"576\" height=\"1024\" data-id=\"2721\" src=\"https:\/\/feinschmeckergarten.de\/wp-content\/uploads\/2023\/01\/Wisley-Tropical-Garden-P1050997-576x1024.jpg\" alt=\"tropischer Garten\" class=\"wp-image-2721\" srcset=\"https:\/\/feinschmeckergarten.de\/wp-content\/uploads\/2023\/01\/Wisley-Tropical-Garden-P1050997-576x1024.jpg 576w, https:\/\/feinschmeckergarten.de\/wp-content\/uploads\/2023\/01\/Wisley-Tropical-Garden-P1050997-169x300.jpg 169w, https:\/\/feinschmeckergarten.de\/wp-content\/uploads\/2023\/01\/Wisley-Tropical-Garden-P1050997-768x1365.jpg 768w, https:\/\/feinschmeckergarten.de\/wp-content\/uploads\/2023\/01\/Wisley-Tropical-Garden-P1050997-864x1536.jpg 864w, https:\/\/feinschmeckergarten.de\/wp-content\/uploads\/2023\/01\/Wisley-Tropical-Garden-P1050997-1152x2048.jpg 1152w, https:\/\/feinschmeckergarten.de\/wp-content\/uploads\/2023\/01\/Wisley-Tropical-Garden-P1050997-scaled.jpg 1441w\" sizes=\"auto, (max-width: 576px) 100vw, 576px\" \/><\/a><\/figure>\n<\/figure>\n","protected":false},"excerpt":{"rendered":"<p>Wir kamen Mitte August 2022 direkt von der F\u00e4hre kommend in Wisley an. Die Landschaft war braun und verbrannt nach wochenlanger D\u00fcrre und wir brachten den ersten Regen vom Kontinent mit her\u00fcber!Zumindest m\u00f6chte ich mir einreden, dass wir diesen positiven Einfluss hatten. \ud83d\ude42Denn so sch\u00f6n Wisley ist, in etwas Sonnenschein ist RHS Wisley bestimmt noch &hellip; <\/p>\n<p class=\"link-more\"><a href=\"https:\/\/feinschmeckergarten.de\/index.php\/2023\/01\/25\/rhs-wisley-im-regen-nach-einer-duerre\/\" class=\"more-link\"><span class=\"screen-reader-text\">\u201eRHS Wisley im Regen &#8211; nach einer D\u00fcrre\u201c <\/span>weiterlesen<\/a><\/p>\n","protected":false},"author":4,"featured_media":2700,"comment_status":"open","ping_status":"closed","sticky":false,"template":"","format":"standard","meta":{"footnotes":"","_share_on_mastodon":"1"},"categories":[1,8,12],"tags":[578,639,643,641,644,642],"class_list":["post-2699","post","type-post","status-publish","format-standard","has-post-thumbnail","hentry","category-blog","category-gartenbau","category-techniken","tag-duerre","tag-duerre-2022","tag-rhs","tag-rhs-wisley","tag-royal-horticultural-society","tag-wisley"],"share_on_mastodon":{"url":"https:\/\/regenerate.social\/@feinschmeckergarten\/109750225055009166","error":""},"_links":{"self":[{"href":"https:\/\/feinschmeckergarten.de\/index.php\/wp-json\/wp\/v2\/posts\/2699","targetHints":{"allow":["GET"]}}],"collection":[{"href":"https:\/\/feinschmeckergarten.de\/index.php\/wp-json\/wp\/v2\/posts"}],"about":[{"href":"https:\/\/feinschmeckergarten.de\/index.php\/wp-json\/wp\/v2\/types\/post"}],"author":[{"embeddable":true,"href":"https:\/\/feinschmeckergarten.de\/index.php\/wp-json\/wp\/v2\/users\/4"}],"replies":[{"embeddable":true,"href":"https:\/\/feinschmeckergarten.de\/index.php\/wp-json\/wp\/v2\/comments?post=2699"}],"version-history":[{"count":5,"href":"https:\/\/feinschmeckergarten.de\/index.php\/wp-json\/wp\/v2\/posts\/2699\/revisions"}],"predecessor-version":[{"id":2729,"href":"https:\/\/feinschmeckergarten.de\/index.php\/wp-json\/wp\/v2\/posts\/2699\/revisions\/2729"}],"wp:featuredmedia":[{"embeddable":true,"href":"https:\/\/feinschmeckergarten.de\/index.php\/wp-json\/wp\/v2\/media\/2700"}],"wp:attachment":[{"href":"https:\/\/feinschmeckergarten.de\/index.php\/wp-json\/wp\/v2\/media?parent=2699"}],"wp:term":[{"taxonomy":"category","embeddable":true,"href":"https:\/\/feinschmeckergarten.de\/index.php\/wp-json\/wp\/v2\/categories?post=2699"},{"taxonomy":"post_tag","embeddable":true,"href":"https:\/\/feinschmeckergarten.de\/index.php\/wp-json\/wp\/v2\/tags?post=2699"}],"curies":[{"name":"wp","href":"https:\/\/api.w.org\/{rel}","templated":true}]}}