{"id":1962,"date":"2022-06-21T22:00:00","date_gmt":"2022-06-21T22:00:00","guid":{"rendered":"https:\/\/feinschmeckergarten.de\/?p=1962"},"modified":"2023-03-15T15:20:30","modified_gmt":"2023-03-15T15:20:30","slug":"nodig-marktgarten-woche-6","status":"publish","type":"post","link":"https:\/\/feinschmeckergarten.de\/index.php\/2022\/06\/21\/nodig-marktgarten-woche-6\/","title":{"rendered":"NoDig-Marktgarten Woche 6"},"content":{"rendered":"\n<p><em><sup>Ein NoDig-Marktgarten von Null begonnen zur Selbstversorgung f\u00fcr zwei Familien &#8211; Diese <a href=\"https:\/\/feinschmeckergarten.de\/index.php\/category\/blog\/gartenbau\/marktgarten\/\">Artikelreihe<\/a> berichtet vom Vorgehen, den Methoden (z.B. NoDig), den Erfolgen und den R\u00fcckschl\u00e4gen.<\/sup><\/em><\/p>\n\n\n\n<h2 class=\"wp-block-heading\">Die letzten Beete sind angelegt<\/h2>\n\n\n\n<figure class=\"wp-block-image size-large\"><img loading=\"lazy\" decoding=\"async\" width=\"1024\" height=\"576\" src=\"https:\/\/feinschmeckergarten.de\/wp-content\/uploads\/2022\/07\/IMG_20220622_115011117-1024x576.jpg\" alt=\"Frisch angelegte Beete\" class=\"wp-image-1968\" srcset=\"https:\/\/feinschmeckergarten.de\/wp-content\/uploads\/2022\/07\/IMG_20220622_115011117-1024x576.jpg 1024w, https:\/\/feinschmeckergarten.de\/wp-content\/uploads\/2022\/07\/IMG_20220622_115011117-300x169.jpg 300w, https:\/\/feinschmeckergarten.de\/wp-content\/uploads\/2022\/07\/IMG_20220622_115011117-768x432.jpg 768w, https:\/\/feinschmeckergarten.de\/wp-content\/uploads\/2022\/07\/IMG_20220622_115011117-1536x864.jpg 1536w, https:\/\/feinschmeckergarten.de\/wp-content\/uploads\/2022\/07\/IMG_20220622_115011117-2048x1152.jpg 2048w\" sizes=\"auto, (max-width: 767px) 89vw, (max-width: 1000px) 54vw, (max-width: 1071px) 543px, 580px\" \/><\/figure>\n\n\n\n<p>Es war ein langer Weg <a href=\"https:\/\/feinschmeckergarten.de\/index.php\/2022\/05\/18\/nodig-marktgarten-woche-1\/\">fast 140 Tonnen Kompost<\/a> zu verteilen, aber jetzt sind die letzten Beete angelegt. Die meisten Beete habe eine Nord-S\u00fcd-Ausrichtung. Die zuletzt angelegten gehen von Osten nach Westen. Zum einen konnten wir so die Standardl\u00e4nge von acht Metern beibehalten und zum anderen sind sie so ausgelegt, dass k\u00fcnftig ein Folientunnel genau dar\u00fcber passen w\u00fcrde.<\/p>\n\n\n\n<h2 class=\"wp-block-heading\">Was w\u00e4chst &#8211; was nicht?<\/h2>\n\n\n\n<figure class=\"wp-block-image size-large\"><img loading=\"lazy\" decoding=\"async\" width=\"1024\" height=\"576\" src=\"https:\/\/feinschmeckergarten.de\/wp-content\/uploads\/2022\/07\/IMG_20220622_115055723-1024x576.jpg\" alt=\"Kartoffeln und Zwiebeln fangen an zu wachsen\" class=\"wp-image-1969\" srcset=\"https:\/\/feinschmeckergarten.de\/wp-content\/uploads\/2022\/07\/IMG_20220622_115055723-1024x576.jpg 1024w, https:\/\/feinschmeckergarten.de\/wp-content\/uploads\/2022\/07\/IMG_20220622_115055723-300x169.jpg 300w, https:\/\/feinschmeckergarten.de\/wp-content\/uploads\/2022\/07\/IMG_20220622_115055723-768x432.jpg 768w, https:\/\/feinschmeckergarten.de\/wp-content\/uploads\/2022\/07\/IMG_20220622_115055723-1536x864.jpg 1536w, https:\/\/feinschmeckergarten.de\/wp-content\/uploads\/2022\/07\/IMG_20220622_115055723-2048x1152.jpg 2048w\" sizes=\"auto, (max-width: 767px) 89vw, (max-width: 1000px) 54vw, (max-width: 1071px) 543px, 580px\" \/><\/figure>\n\n\n\n<p>Der noch sehr saure, n\u00e4hrstoffarme Kompost macht es den Pflanzen nicht leicht. Am Besten w\u00e4chst derzeit, was wie Kartoffeln noch eigene Vorr\u00e4te mitbringt oder Leguminosen also Pflanzen wie Erbsen und Bohnen, die mit Hilfe von Bakterien Stickstoff aus der Luft nutzen k\u00f6nnen. Die in Modulplatten vorgezogenen Pflanzen wie Mais haben hingegen allm\u00e4hlich die in den Pflanzt\u00f6pfen mitgebrachten N\u00e4hrstoffe aufgezehrt und bekommen gelbliche Bl\u00e4tter. Das deutet auf N\u00e4hrstoffmangel hin. Sie werden erst besser versorgt, wenn Pilze und Mikroben f\u00fcr die Pflanze Stickstoff verf\u00fcgbar machen, den die Pflanze nicht selbst aus dem Boden entnehmen kann. Der Aufbau und die Entwicklung dieser N\u00fctzlinge wird aber etwas Zeit ben\u00f6tigen.<\/p>\n\n\n\n<p>Man k\u00f6nnte mit Stickstoff d\u00fcngen. Leider zerst\u00f6rt Stickstoffd\u00fcnger die Lebensgemeinschaften im Boden und macht die Pflanzen so von externer Zufuhr von Stickstoff abh\u00e4ngig. Dabei ist in den meisten B\u00f6den genug Stickstoff vorhanden, um die Pflanzen zu ern\u00e4hren, <a href=\"https:\/\/www.ft.com\/content\/873737ec-3221-4470-9299-0de09963f38c\" target=\"_blank\" rel=\"noreferrer noopener\">wenn man das Mikrobiom (Pilze, Mikroben, Kleinlebewesen) seine Arbeit machen l\u00e4sst<\/a>.<\/p>\n\n\n\n<h2 class=\"wp-block-heading\">Neues Transportmittel f\u00fcr Material<\/h2>\n\n\n\n<figure class=\"wp-block-image size-large\"><img loading=\"lazy\" decoding=\"async\" width=\"1024\" height=\"576\" src=\"https:\/\/feinschmeckergarten.de\/wp-content\/uploads\/2022\/07\/IMG_20220622_114842674_HDR-1024x576.jpg\" alt=\"Fahrradanh\u00e4nger als Gem\u00fcse- und Materialtransporter\" class=\"wp-image-1966\" srcset=\"https:\/\/feinschmeckergarten.de\/wp-content\/uploads\/2022\/07\/IMG_20220622_114842674_HDR-1024x576.jpg 1024w, https:\/\/feinschmeckergarten.de\/wp-content\/uploads\/2022\/07\/IMG_20220622_114842674_HDR-300x169.jpg 300w, https:\/\/feinschmeckergarten.de\/wp-content\/uploads\/2022\/07\/IMG_20220622_114842674_HDR-768x432.jpg 768w, https:\/\/feinschmeckergarten.de\/wp-content\/uploads\/2022\/07\/IMG_20220622_114842674_HDR-1536x864.jpg 1536w, https:\/\/feinschmeckergarten.de\/wp-content\/uploads\/2022\/07\/IMG_20220622_114842674_HDR-2048x1152.jpg 2048w\" sizes=\"auto, (max-width: 767px) 89vw, (max-width: 1000px) 54vw, (max-width: 1071px) 543px, 580px\" \/><\/figure>\n\n\n\n<p>Um die rund 11 Kilometer zum Garten und zur\u00fcck auch mit Material oder Ernte nicht immer mit dem Auto zur\u00fccklegen zu m\u00fcssen, ist die neueste Errungenschaft ein Fahrradanh\u00e4nger. Der war urspr\u00fcnglich f\u00fcr den Transport von Kindern ausgelegt, aber eine d\u00fcnne Holzplatte als Boden und eine gro\u00dfe Eurobox machen ihn perfekt f\u00fcr meinen Zweck.<\/p>\n\n\n\n<h2 class=\"wp-block-heading\">Willkommene HelferInnen treffen ein<\/h2>\n\n\n\n<figure class=\"wp-block-image size-large\"><img loading=\"lazy\" decoding=\"async\" width=\"1024\" height=\"812\" src=\"https:\/\/feinschmeckergarten.de\/wp-content\/uploads\/2022\/07\/SchwebfliegeCalendulaIMG_20220622_130140606-1024x812.jpg\" alt=\"Schwebfliege auf Calendula\" class=\"wp-image-1971\" srcset=\"https:\/\/feinschmeckergarten.de\/wp-content\/uploads\/2022\/07\/SchwebfliegeCalendulaIMG_20220622_130140606-1024x812.jpg 1024w, https:\/\/feinschmeckergarten.de\/wp-content\/uploads\/2022\/07\/SchwebfliegeCalendulaIMG_20220622_130140606-300x238.jpg 300w, https:\/\/feinschmeckergarten.de\/wp-content\/uploads\/2022\/07\/SchwebfliegeCalendulaIMG_20220622_130140606-768x609.jpg 768w, https:\/\/feinschmeckergarten.de\/wp-content\/uploads\/2022\/07\/SchwebfliegeCalendulaIMG_20220622_130140606-1536x1217.jpg 1536w, https:\/\/feinschmeckergarten.de\/wp-content\/uploads\/2022\/07\/SchwebfliegeCalendulaIMG_20220622_130140606-2048x1623.jpg 2048w\" sizes=\"auto, (max-width: 767px) 89vw, (max-width: 1000px) 54vw, (max-width: 1071px) 543px, 580px\" \/><\/figure>\n\n\n\n<p>Die aus dem Hausgarten transplantierten Calendula sind erstaunlich gut angewachsen und fangen an zu bl\u00fchen. Das zieht N\u00fctzlinge wie die Schwebfliege auf dem Foto oben an. Schwebfliegen sind wichtige Best\u00e4uber. Au\u00dferdem jagen ihre Larven auch Blattl\u00e4use.<\/p>\n","protected":false},"excerpt":{"rendered":"<p>Die letzten Beete sind angelegt Es war ein langer Weg fast 140 Tonnen Kompost zu verteilen, aber jetzt sind die letzten Beete angelegt. Die meisten Beete habe eine Nord-S\u00fcd-Ausrichtung. Die zuletzt angelegten gehen von Osten nach Westen. Zum einen konnten wir so die Standardl\u00e4nge von acht Metern beibehalten und zum anderen sind sie so ausgelegt, &hellip; <\/p>\n<p class=\"link-more\"><a href=\"https:\/\/feinschmeckergarten.de\/index.php\/2022\/06\/21\/nodig-marktgarten-woche-6\/\" class=\"more-link\"><span class=\"screen-reader-text\">\u201eNoDig-Marktgarten Woche 6\u201c <\/span>weiterlesen<\/a><\/p>\n","protected":false},"author":4,"featured_media":1967,"comment_status":"open","ping_status":"closed","sticky":false,"template":"","format":"standard","meta":{"footnotes":"","_share_on_mastodon":"0"},"categories":[1,8,10,551,550,134,12],"tags":[545,549,570,343,542,548,178,563,553,554,562],"class_list":["post-1962","post","type-post","status-publish","format-standard","has-post-thumbnail","hentry","category-blog","category-gartenbau","category-gemuese","category-marktgarten","category-nodig","category-oekologie","category-techniken","tag-beikraeuter","tag-bodenleben","tag-bodenoekologie","tag-gaertnern-ohne-umgraben","tag-marktgarten","tag-mikrobiom","tag-nodig","tag-schadfresser","tag-schaedlinge","tag-schaedlingsbekaempfung","tag-unkraeuter"],"share_on_mastodon":{"url":"","error":""},"_links":{"self":[{"href":"https:\/\/feinschmeckergarten.de\/index.php\/wp-json\/wp\/v2\/posts\/1962","targetHints":{"allow":["GET"]}}],"collection":[{"href":"https:\/\/feinschmeckergarten.de\/index.php\/wp-json\/wp\/v2\/posts"}],"about":[{"href":"https:\/\/feinschmeckergarten.de\/index.php\/wp-json\/wp\/v2\/types\/post"}],"author":[{"embeddable":true,"href":"https:\/\/feinschmeckergarten.de\/index.php\/wp-json\/wp\/v2\/users\/4"}],"replies":[{"embeddable":true,"href":"https:\/\/feinschmeckergarten.de\/index.php\/wp-json\/wp\/v2\/comments?post=1962"}],"version-history":[{"count":11,"href":"https:\/\/feinschmeckergarten.de\/index.php\/wp-json\/wp\/v2\/posts\/1962\/revisions"}],"predecessor-version":[{"id":2138,"href":"https:\/\/feinschmeckergarten.de\/index.php\/wp-json\/wp\/v2\/posts\/1962\/revisions\/2138"}],"wp:featuredmedia":[{"embeddable":true,"href":"https:\/\/feinschmeckergarten.de\/index.php\/wp-json\/wp\/v2\/media\/1967"}],"wp:attachment":[{"href":"https:\/\/feinschmeckergarten.de\/index.php\/wp-json\/wp\/v2\/media?parent=1962"}],"wp:term":[{"taxonomy":"category","embeddable":true,"href":"https:\/\/feinschmeckergarten.de\/index.php\/wp-json\/wp\/v2\/categories?post=1962"},{"taxonomy":"post_tag","embeddable":true,"href":"https:\/\/feinschmeckergarten.de\/index.php\/wp-json\/wp\/v2\/tags?post=1962"}],"curies":[{"name":"wp","href":"https:\/\/api.w.org\/{rel}","templated":true}]}}